{"id":209,"date":"2016-09-28T12:39:12","date_gmt":"2016-09-28T10:39:12","guid":{"rendered":"http:\/\/jewelry-store.dv.themerex.net\/?p=107"},"modified":"2021-09-09T14:17:37","modified_gmt":"2021-09-09T12:17:37","slug":"quest-ce-que-la-strategie-pourquoi-est-ce-necessaire-et-utile","status":"publish","type":"post","link":"https:\/\/mmeleslie.com\/index.php\/2016\/09\/28\/quest-ce-que-la-strategie-pourquoi-est-ce-necessaire-et-utile\/","title":{"rendered":"Qu\u2019est-ce que la Strat\u00e9gie? Pourquoi est-ce n\u00e9cessaire et utile ?"},"content":{"rendered":"<p><span style=\"font-size: 12pt;\">La strat\u00e9gie d\u00e9signe l\u2019orientation \u00e0 long terme d\u2019une organisation.<\/span><br \/>\n<span style=\"font-size: 12pt;\">C\u2019est une d\u00e9marche logique qui m\u00e8ne de la d\u00e9termination des buts et des objectifs \u00e0 l\u2019allocution de ressource.<\/span><\/p>\n<p><span style=\"font-size: 12pt;\">Oui, il est n\u00e9cessaire et utile d\u2019\u00e9tablir une strat\u00e9gie.<\/span><br \/>\n<span style=\"font-size: 12pt;\">L\u2019importance d\u2019une perspective \u00e0 long terme doit reposer sur trois horizons afin de pr\u00e9parer et anticiper les diff\u00e9rentes phases de vie du produit ou du service propos\u00e9 par votre entreprise.<\/span><\/p>\n<p><span style=\"font-size: 12pt;\">Ainsi, votre strat\u00e9gie doit consister \u00e0 repousser l\u2019horizon 1 le plus loin possible tout en anticipant les horizons 2 et 3.<\/span><\/p>\n<p><span style=\"font-size: 12pt;\">L\u2019horizon 1 doit \u00e9tendre et d\u00e9fendre votre activit\u00e9 principale.<\/span><br \/>\n<span style=\"font-size: 12pt;\">L\u2019horizon 2 doit construire vos activit\u00e9s \u00e9mergentes.<\/span><br \/>\n<span style=\"font-size: 12pt;\">Enfin, l\u2019horizon 3 doit vous permettre de cr\u00e9er des options viables.<\/span><\/p>\n<p><span style=\"font-size: 12pt;\">Je terminerai en vous disant : il est important de prendre en compte le contexte organisationnel : Notamment les points de vue et les int\u00e9r\u00eats des diff\u00e9rentes personnes impliqu\u00e9es.<\/span><\/p>\n<p><span style=\"font-size: 12pt;\">Madame Leslie<\/span><br \/>\n<span style=\"font-size: 12pt;\">Consultante<\/span><br \/>\n<span style=\"font-size: 12pt;\">Strat\u00e9gies d\u2019affaires et Conseils en Management<\/span><\/p>\n<div class=\"post_meta post_meta_single\">\n<div class=\"socials_share socials_size_tiny socials_type_block socials_dir_horizontal socials_wrap\"><\/div>\n<\/div>\n","protected":false},"excerpt":{"rendered":"<p>La strat\u00e9gie d\u00e9signe l\u2019orientation \u00e0 long terme d\u2019une organisation. C\u2019est une d\u00e9marche logique qui m\u00e8ne de la d\u00e9termination des buts et des objectifs \u00e0 l\u2019allocution de ressource. Oui, il est n\u00e9cessaire et utile d\u2019\u00e9tablir une strat\u00e9gie. L\u2019importance d\u2019une perspective \u00e0 long terme doit reposer sur&hellip;<\/p>\n","protected":false},"author":1,"featured_media":2415,"comment_status":"open","ping_status":"open","sticky":false,"template":"","format":"standard","meta":[],"categories":[85,86],"tags":[90,91,92],"_links":{"self":[{"href":"https:\/\/mmeleslie.com\/index.php\/wp-json\/wp\/v2\/posts\/209"}],"collection":[{"href":"https:\/\/mmeleslie.com\/index.php\/wp-json\/wp\/v2\/posts"}],"about":[{"href":"https:\/\/mmeleslie.com\/index.php\/wp-json\/wp\/v2\/types\/post"}],"author":[{"embeddable":true,"href":"https:\/\/mmeleslie.com\/index.php\/wp-json\/wp\/v2\/users\/1"}],"replies":[{"embeddable":true,"href":"https:\/\/mmeleslie.com\/index.php\/wp-json\/wp\/v2\/comments?post=209"}],"version-history":[{"count":3,"href":"https:\/\/mmeleslie.com\/index.php\/wp-json\/wp\/v2\/posts\/209\/revisions"}],"predecessor-version":[{"id":2535,"href":"https:\/\/mmeleslie.com\/index.php\/wp-json\/wp\/v2\/posts\/209\/revisions\/2535"}],"wp:featuredmedia":[{"embeddable":true,"href":"https:\/\/mmeleslie.com\/index.php\/wp-json\/wp\/v2\/media\/2415"}],"wp:attachment":[{"href":"https:\/\/mmeleslie.com\/index.php\/wp-json\/wp\/v2\/media?parent=209"}],"wp:term":[{"taxonomy":"category","embeddable":true,"href":"https:\/\/mmeleslie.com\/index.php\/wp-json\/wp\/v2\/categories?post=209"},{"taxonomy":"post_tag","embeddable":true,"href":"https:\/\/mmeleslie.com\/index.php\/wp-json\/wp\/v2\/tags?post=209"}],"curies":[{"name":"wp","href":"https:\/\/api.w.org\/{rel}","templated":true}]}}